{"id":8023,"date":"2021-01-18T17:01:19","date_gmt":"2021-01-18T15:01:19","guid":{"rendered":"https:\/\/sindikatbiciklista.hr\/besplatna-posudionica-teretnih-bicikala-za-kompanije-i-tvrtke-2\/"},"modified":"2023-01-20T16:27:39","modified_gmt":"2023-01-20T14:27:39","slug":"besplatna-posudionica-teretnih-bicikala-za-kompanije-i-tvrtke","status":"publish","type":"post","link":"https:\/\/sindikatbiciklista.hr\/en\/besplatna-posudionica-teretnih-bicikala-za-kompanije-i-tvrtke\/","title":{"rendered":"Besplatna posudionica teretnih bicikala za kompanije i tvrtke"},"content":{"rendered":"<p>Pozivamo sve organizacije, tvrtke i kompanije da besplatno isprobaju kori\u0161tenje teretnog bicikla u sklopu svog poslovanja.\u00a0Teretni bicikli su bicikli gra\u0111eni za prijevoz ve\u0107ih tereta \u2013 namje\u0161taja, ku\u0107anskih aparata, velikih koli\u010dina namirnica, opskrbu trgovine \u2013 ili osoba.<br \/>\nKako posuditi teretni bicikl provjerite <a href=\"https:\/\/sindikatbiciklista.hr\/javni-teretni-bicikli\/\">ovdje.<\/a><\/p>\n<p>Besplatna posudionica teretnih bicikala za tvrtke i kompanije sufinancirana je od Grada Zagreba, od Ureda za zdravstvo.<\/p>\n<p><img data-recalc-dims=\"1\" decoding=\"async\" class=\"alignnone wp-image-7466\" src=\"https:\/\/i0.wp.com\/sindikatbiciklista.hr\/wp-content\/uploads\/2021\/01\/grb-ZG-1.png?resize=141%2C167&#038;ssl=1\" alt=\"\" width=\"141\" height=\"167\" srcset=\"https:\/\/i0.wp.com\/sindikatbiciklista.hr\/wp-content\/uploads\/2021\/01\/grb-ZG-1.png?w=366&amp;ssl=1 366w, https:\/\/i0.wp.com\/sindikatbiciklista.hr\/wp-content\/uploads\/2021\/01\/grb-ZG-1.png?resize=135%2C160&amp;ssl=1 135w\" sizes=\"(max-width: 141px) 100vw, 141px\" \/><\/p>\n","protected":false},"excerpt":{"rendered":"<p>Pozivamo sve organizacije, tvrtke i kompanije da besplatno isprobaju kori\u0161tenje teretnog bicikla u sklopu svog poslovanja.\u00a0Teretni bicikli su bicikli gra\u0111eni za prijevoz ve\u0107ih tereta \u2013 namje\u0161taja, ku\u0107anskih aparata, velikih koli\u010dina namirnica, opskrbu trgovine \u2013 ili osoba. Kako posuditi teretni bicikl provjerite ovdje. Besplatna posudionica teretnih bicikala za tvrtke i kompanije sufinancirana je od Grada Zagreba, [&hellip;]<\/p>\n","protected":false},"author":25,"featured_media":9749,"comment_status":"closed","ping_status":"closed","sticky":false,"template":"","format":"standard","meta":{"_jetpack_memberships_contains_paid_content":false,"footnotes":""},"categories":[134,133,135,136,137,138],"tags":[],"class_list":["post-8023","post","type-post","status-publish","format-standard","has-post-thumbnail","hentry","category-education","category-events","category-infrastruktura-en","category-nas-rad-en","category-projekti-en","category-vijesti-en"],"jetpack_featured_media_url":"https:\/\/i0.wp.com\/sindikatbiciklista.hr\/wp-content\/uploads\/2019\/04\/20200916_190124-scaled.jpg?fit=4032%2C2268&ssl=1","jetpack_sharing_enabled":true,"_links":{"self":[{"href":"https:\/\/sindikatbiciklista.hr\/en\/wp-json\/wp\/v2\/posts\/8023","targetHints":{"allow":["GET"]}}],"collection":[{"href":"https:\/\/sindikatbiciklista.hr\/en\/wp-json\/wp\/v2\/posts"}],"about":[{"href":"https:\/\/sindikatbiciklista.hr\/en\/wp-json\/wp\/v2\/types\/post"}],"author":[{"embeddable":true,"href":"https:\/\/sindikatbiciklista.hr\/en\/wp-json\/wp\/v2\/users\/25"}],"replies":[{"embeddable":true,"href":"https:\/\/sindikatbiciklista.hr\/en\/wp-json\/wp\/v2\/comments?post=8023"}],"version-history":[{"count":1,"href":"https:\/\/sindikatbiciklista.hr\/en\/wp-json\/wp\/v2\/posts\/8023\/revisions"}],"predecessor-version":[{"id":10141,"href":"https:\/\/sindikatbiciklista.hr\/en\/wp-json\/wp\/v2\/posts\/8023\/revisions\/10141"}],"wp:featuredmedia":[{"embeddable":true,"href":"https:\/\/sindikatbiciklista.hr\/en\/wp-json\/wp\/v2\/media\/9749"}],"wp:attachment":[{"href":"https:\/\/sindikatbiciklista.hr\/en\/wp-json\/wp\/v2\/media?parent=8023"}],"wp:term":[{"taxonomy":"category","embeddable":true,"href":"https:\/\/sindikatbiciklista.hr\/en\/wp-json\/wp\/v2\/categories?post=8023"},{"taxonomy":"post_tag","embeddable":true,"href":"https:\/\/sindikatbiciklista.hr\/en\/wp-json\/wp\/v2\/tags?post=8023"}],"curies":[{"name":"wp","href":"https:\/\/api.w.org\/{rel}","templated":true}]}}